{"id":2589,"date":"2023-01-20T21:26:24","date_gmt":"2023-01-21T02:26:24","guid":{"rendered":"https:\/\/itp.edu.co\/ITP2022\/?p=2589"},"modified":"2026-04-16T14:52:23","modified_gmt":"2026-04-16T19:52:23","slug":"consejo-academico-2","status":"publish","type":"post","link":"https:\/\/itp.edu.co\/ITP2022\/?p=2589","title":{"rendered":"Consejo Acad\u00e9mico"},"content":{"rendered":"\t\t<div data-elementor-type=\"wp-post\" data-elementor-id=\"2589\" class=\"elementor elementor-2589\">\n\t\t\t\t<div class=\"elementor-element elementor-element-15087f92 e-con-full e-flex wpr-particle-no wpr-jarallax-no wpr-parallax-no wpr-sticky-section-no wpr-equal-height-no e-con e-parent\" data-id=\"15087f92\" data-element_type=\"container\" data-e-type=\"container\">\n\t\t\t\t<div class=\"elementor-element elementor-element-14e6667 elementor-widget__width-initial elementor-widget elementor-widget-image\" data-id=\"14e6667\" data-element_type=\"widget\" data-e-type=\"widget\" data-widget_type=\"image.default\">\n\t\t\t\t<div class=\"elementor-widget-container\">\n\t\t\t\t\t\t\t\t\t\t\t\t\t\t\t<img loading=\"lazy\" decoding=\"async\" width=\"1024\" height=\"330\" src=\"https:\/\/i0.wp.com\/itp.edu.co\/ITP2022\/wp-content\/uploads\/2025\/11\/Logo-azul-PNG-01-scaled.webp?fit=1024%2C330&amp;ssl=1\" class=\"attachment-large size-large wp-image-15133\" alt=\"\" srcset=\"https:\/\/i0.wp.com\/itp.edu.co\/ITP2022\/wp-content\/uploads\/2025\/11\/Logo-azul-PNG-01-scaled.webp?w=1920&amp;ssl=1 1920w, https:\/\/i0.wp.com\/itp.edu.co\/ITP2022\/wp-content\/uploads\/2025\/11\/Logo-azul-PNG-01-scaled.webp?resize=300%2C97&amp;ssl=1 300w, https:\/\/i0.wp.com\/itp.edu.co\/ITP2022\/wp-content\/uploads\/2025\/11\/Logo-azul-PNG-01-scaled.webp?resize=1024%2C330&amp;ssl=1 1024w, https:\/\/i0.wp.com\/itp.edu.co\/ITP2022\/wp-content\/uploads\/2025\/11\/Logo-azul-PNG-01-scaled.webp?resize=768%2C248&amp;ssl=1 768w, https:\/\/i0.wp.com\/itp.edu.co\/ITP2022\/wp-content\/uploads\/2025\/11\/Logo-azul-PNG-01-scaled.webp?resize=1536%2C496&amp;ssl=1 1536w\" sizes=\"auto, (max-width: 1024px) 100vw, 1024px\" \/>\t\t\t\t\t\t\t\t\t\t\t\t\t\t\t<\/div>\n\t\t\t\t<\/div>\n\t\t\t\t<\/div>\n\t\t<div class=\"elementor-element elementor-element-63a51ac e-flex e-con-boxed wpr-particle-no wpr-jarallax-no wpr-parallax-no wpr-sticky-section-no wpr-equal-height-no e-con e-parent\" data-id=\"63a51ac\" data-element_type=\"container\" data-e-type=\"container\">\n\t\t\t\t\t<div class=\"e-con-inner\">\n\t\t\t\t<div class=\"elementor-element elementor-element-f0f4ca9 elementor-widget elementor-widget-image\" data-id=\"f0f4ca9\" data-element_type=\"widget\" data-e-type=\"widget\" data-widget_type=\"image.default\">\n\t\t\t\t<div class=\"elementor-widget-container\">\n\t\t\t\t\t\t\t\t\t\t\t\t\t\t\t<img loading=\"lazy\" decoding=\"async\" width=\"1024\" height=\"3\" src=\"https:\/\/i0.wp.com\/itp.edu.co\/ITP2022\/wp-content\/uploads\/2016\/01\/linea3.png?fit=1024%2C3&amp;ssl=1\" class=\"attachment-large size-large wp-image-1301\" alt=\"\" srcset=\"https:\/\/i0.wp.com\/itp.edu.co\/ITP2022\/wp-content\/uploads\/2016\/01\/linea3.png?w=1500&amp;ssl=1 1500w, https:\/\/i0.wp.com\/itp.edu.co\/ITP2022\/wp-content\/uploads\/2016\/01\/linea3.png?resize=300%2C1&amp;ssl=1 300w, https:\/\/i0.wp.com\/itp.edu.co\/ITP2022\/wp-content\/uploads\/2016\/01\/linea3.png?resize=1024%2C3&amp;ssl=1 1024w, https:\/\/i0.wp.com\/itp.edu.co\/ITP2022\/wp-content\/uploads\/2016\/01\/linea3.png?resize=768%2C2&amp;ssl=1 768w, https:\/\/i0.wp.com\/itp.edu.co\/ITP2022\/wp-content\/uploads\/2016\/01\/linea3.png?resize=1140%2C3&amp;ssl=1 1140w\" sizes=\"auto, (max-width: 1024px) 100vw, 1024px\" \/>\t\t\t\t\t\t\t\t\t\t\t\t\t\t\t<\/div>\n\t\t\t\t<\/div>\n\t\t\t\t\t<\/div>\n\t\t\t\t<\/div>\n\t\t<div class=\"elementor-element elementor-element-b70f77e e-flex e-con-boxed wpr-particle-no wpr-jarallax-no wpr-parallax-no wpr-sticky-section-no wpr-equal-height-no e-con e-parent\" data-id=\"b70f77e\" data-element_type=\"container\" data-e-type=\"container\">\n\t\t\t\t\t<div class=\"e-con-inner\">\n\t\t<div class=\"elementor-element elementor-element-68ac1ff e-con-full e-flex wpr-particle-no wpr-jarallax-no wpr-parallax-no wpr-sticky-section-no wpr-equal-height-no e-con e-child\" data-id=\"68ac1ff\" data-element_type=\"container\" data-e-type=\"container\">\n\t\t\t\t<div class=\"elementor-element elementor-element-fb5601a elementor-icon-list--layout-traditional elementor-list-item-link-full_width elementor-widget elementor-widget-icon-list\" data-id=\"fb5601a\" data-element_type=\"widget\" data-e-type=\"widget\" data-widget_type=\"icon-list.default\">\n\t\t\t\t<div class=\"elementor-widget-container\">\n\t\t\t\t\t\t\t<ul class=\"elementor-icon-list-items\">\n\t\t\t\t\t\t\t<li class=\"elementor-icon-list-item\">\n\t\t\t\t\t\t\t\t\t\t\t<a href=\"https:\/\/itp.edu.co\/ITP2022\/?p=1250\">\n\n\t\t\t\t\t\t\t\t\t\t\t\t<span class=\"elementor-icon-list-icon\">\n\t\t\t\t\t\t\t<i aria-hidden=\"true\" class=\"fas fa-check\"><\/i>\t\t\t\t\t\t<\/span>\n\t\t\t\t\t\t\t\t\t\t<span class=\"elementor-icon-list-text\">Identidad Institucional<\/span>\n\t\t\t\t\t\t\t\t\t\t\t<\/a>\n\t\t\t\t\t\t\t\t\t<\/li>\n\t\t\t\t\t\t\t\t<li class=\"elementor-icon-list-item\">\n\t\t\t\t\t\t\t\t\t\t\t<a href=\"https:\/\/itp.edu.co\/ITP2022\/?p=10028\">\n\n\t\t\t\t\t\t\t\t\t\t\t\t<span class=\"elementor-icon-list-icon\">\n\t\t\t\t\t\t\t<i aria-hidden=\"true\" class=\"fas fa-check\"><\/i>\t\t\t\t\t\t<\/span>\n\t\t\t\t\t\t\t\t\t\t<span class=\"elementor-icon-list-text\">Mapa de procesos<\/span>\n\t\t\t\t\t\t\t\t\t\t\t<\/a>\n\t\t\t\t\t\t\t\t\t<\/li>\n\t\t\t\t\t\t\t\t<li class=\"elementor-icon-list-item\">\n\t\t\t\t\t\t\t\t\t\t\t<a href=\"https:\/\/itp.edu.co\/web2016\/phocadownload\/Transparencia\/Planes\/2021\/Manual%20De%20Funciones%20%E2%80%9Cactualizaci%C3%B3n%20resoluci%C3%B3n%20310%20del%2026%20de%20agosto%20de%202021%E2%80%9D.PDF\" target=\"_blank\">\n\n\t\t\t\t\t\t\t\t\t\t\t\t<span class=\"elementor-icon-list-icon\">\n\t\t\t\t\t\t\t<i aria-hidden=\"true\" class=\"fas fa-check\"><\/i>\t\t\t\t\t\t<\/span>\n\t\t\t\t\t\t\t\t\t\t<span class=\"elementor-icon-list-text\">Manual de funciones<\/span>\n\t\t\t\t\t\t\t\t\t\t\t<\/a>\n\t\t\t\t\t\t\t\t\t<\/li>\n\t\t\t\t\t\t\t\t<li class=\"elementor-icon-list-item\">\n\t\t\t\t\t\t\t\t\t\t\t<a href=\"https:\/\/itp.edu.co\/ITP2022\/?p=1251\">\n\n\t\t\t\t\t\t\t\t\t\t\t\t<span class=\"elementor-icon-list-icon\">\n\t\t\t\t\t\t\t<i aria-hidden=\"true\" class=\"fas fa-check\"><\/i>\t\t\t\t\t\t<\/span>\n\t\t\t\t\t\t\t\t\t\t<span class=\"elementor-icon-list-text\">Historia<\/span>\n\t\t\t\t\t\t\t\t\t\t\t<\/a>\n\t\t\t\t\t\t\t\t\t<\/li>\n\t\t\t\t\t\t\t\t<li class=\"elementor-icon-list-item\">\n\t\t\t\t\t\t\t\t\t\t\t<a href=\"https:\/\/itp.edu.co\/ITP2022\/?page_id=9894\" target=\"_blank\">\n\n\t\t\t\t\t\t\t\t\t\t\t\t<span class=\"elementor-icon-list-icon\">\n\t\t\t\t\t\t\t<i aria-hidden=\"true\" class=\"fas fa-check\"><\/i>\t\t\t\t\t\t<\/span>\n\t\t\t\t\t\t\t\t\t\t<span class=\"elementor-icon-list-text\">Directorio Docente<\/span>\n\t\t\t\t\t\t\t\t\t\t\t<\/a>\n\t\t\t\t\t\t\t\t\t<\/li>\n\t\t\t\t\t\t\t\t<li class=\"elementor-icon-list-item\">\n\t\t\t\t\t\t\t\t\t\t\t<a href=\"https:\/\/itp.edu.co\/ITP2022\/?p=1315\" target=\"_blank\">\n\n\t\t\t\t\t\t\t\t\t\t\t\t<span class=\"elementor-icon-list-icon\">\n\t\t\t\t\t\t\t<i aria-hidden=\"true\" class=\"fas fa-check\"><\/i>\t\t\t\t\t\t<\/span>\n\t\t\t\t\t\t\t\t\t\t<span class=\"elementor-icon-list-text\">Directorio Administrativos<\/span>\n\t\t\t\t\t\t\t\t\t\t\t<\/a>\n\t\t\t\t\t\t\t\t\t<\/li>\n\t\t\t\t\t\t\t\t<li class=\"elementor-icon-list-item\">\n\t\t\t\t\t\t\t\t\t\t\t<a href=\"https:\/\/itp.edu.co\/ITP2022\/?p=2586\">\n\n\t\t\t\t\t\t\t\t\t\t\t\t<span class=\"elementor-icon-list-icon\">\n\t\t\t\t\t\t\t<i aria-hidden=\"true\" class=\"fas fa-check\"><\/i>\t\t\t\t\t\t<\/span>\n\t\t\t\t\t\t\t\t\t\t<span class=\"elementor-icon-list-text\">\u00d3rganos de Direcci\u00f3n (Consejo Directivo)<\/span>\n\t\t\t\t\t\t\t\t\t\t\t<\/a>\n\t\t\t\t\t\t\t\t\t<\/li>\n\t\t\t\t\t\t\t\t<li class=\"elementor-icon-list-item\">\n\t\t\t\t\t\t\t\t\t\t\t<a href=\"https:\/\/itp.edu.co\/ITP2022\/?p=2589\">\n\n\t\t\t\t\t\t\t\t\t\t\t\t<span class=\"elementor-icon-list-icon\">\n\t\t\t\t\t\t\t<i aria-hidden=\"true\" class=\"fas fa-check\"><\/i>\t\t\t\t\t\t<\/span>\n\t\t\t\t\t\t\t\t\t\t<span class=\"elementor-icon-list-text\">\u00d3rganos de Direcci\u00f3n (Consejo Acad\u00e9mico)<\/span>\n\t\t\t\t\t\t\t\t\t\t\t<\/a>\n\t\t\t\t\t\t\t\t\t<\/li>\n\t\t\t\t\t\t\t\t<li class=\"elementor-icon-list-item\">\n\t\t\t\t\t\t\t\t\t\t\t<a href=\"https:\/\/itp.edu.co\/ITP2022\/?p=1318\">\n\n\t\t\t\t\t\t\t\t\t\t\t\t<span class=\"elementor-icon-list-icon\">\n\t\t\t\t\t\t\t<i aria-hidden=\"true\" class=\"fas fa-check\"><\/i>\t\t\t\t\t\t<\/span>\n\t\t\t\t\t\t\t\t\t\t<span class=\"elementor-icon-list-text\">\u00d3rganos de Direcci\u00f3n (Consejo de Facultad)<\/span>\n\t\t\t\t\t\t\t\t\t\t\t<\/a>\n\t\t\t\t\t\t\t\t\t<\/li>\n\t\t\t\t\t\t\t\t<li class=\"elementor-icon-list-item\">\n\t\t\t\t\t\t\t\t\t\t\t<a href=\"https:\/\/itp.edu.co\/ITP2022\/?p=1320\">\n\n\t\t\t\t\t\t\t\t\t\t\t\t<span class=\"elementor-icon-list-icon\">\n\t\t\t\t\t\t\t<i aria-hidden=\"true\" class=\"fas fa-check\"><\/i>\t\t\t\t\t\t<\/span>\n\t\t\t\t\t\t\t\t\t\t<span class=\"elementor-icon-list-text\">Comit\u00e9 de Auto Evauaci\u00f3n<\/span>\n\t\t\t\t\t\t\t\t\t\t\t<\/a>\n\t\t\t\t\t\t\t\t\t<\/li>\n\t\t\t\t\t\t\t\t<li class=\"elementor-icon-list-item\">\n\t\t\t\t\t\t\t\t\t\t\t<a href=\"https:\/\/itp.edu.co\/ITP2022\/?p=1280\">\n\n\t\t\t\t\t\t\t\t\t\t\t\t<span class=\"elementor-icon-list-icon\">\n\t\t\t\t\t\t\t<i aria-hidden=\"true\" class=\"fas fa-check\"><\/i>\t\t\t\t\t\t<\/span>\n\t\t\t\t\t\t\t\t\t\t<span class=\"elementor-icon-list-text\">EXTENSI\u00d3N<\/span>\n\t\t\t\t\t\t\t\t\t\t\t<\/a>\n\t\t\t\t\t\t\t\t\t<\/li>\n\t\t\t\t\t\t\t\t<li class=\"elementor-icon-list-item\">\n\t\t\t\t\t\t\t\t\t\t\t<a href=\"https:\/\/www.itp.edu.co\/web2016\/phocadownload\/CIECYT\/2024\/ACUERDO%20No.23-2020-%20Politica%20de%20Extensi%C3%B3n%20y%20Proyecci%C3%B3n%20Social%20(3)%20(2).pdf\" target=\"_blank\">\n\n\t\t\t\t\t\t\t\t\t\t\t\t<span class=\"elementor-icon-list-icon\">\n\t\t\t\t\t\t\t<i aria-hidden=\"true\" class=\"fas fa-check\"><\/i>\t\t\t\t\t\t<\/span>\n\t\t\t\t\t\t\t\t\t\t<span class=\"elementor-icon-list-text\">POL\u00cdTICA DE EXTENSI\u00d3N Y PROYECCI\u00d3N SOCIAL<\/span>\n\t\t\t\t\t\t\t\t\t\t\t<\/a>\n\t\t\t\t\t\t\t\t\t<\/li>\n\t\t\t\t\t\t\t\t<li class=\"elementor-icon-list-item\">\n\t\t\t\t\t\t\t\t\t\t\t<a href=\"https:\/\/itp.edu.co\/ITP2022\/?p=1703\">\n\n\t\t\t\t\t\t\t\t\t\t\t\t<span class=\"elementor-icon-list-icon\">\n\t\t\t\t\t\t\t<i aria-hidden=\"true\" class=\"fas fa-check\"><\/i>\t\t\t\t\t\t<\/span>\n\t\t\t\t\t\t\t\t\t\t<span class=\"elementor-icon-list-text\">CALIDAD<\/span>\n\t\t\t\t\t\t\t\t\t\t\t<\/a>\n\t\t\t\t\t\t\t\t\t<\/li>\n\t\t\t\t\t\t\t\t<li class=\"elementor-icon-list-item\">\n\t\t\t\t\t\t\t\t\t\t\t<a href=\"https:\/\/www.colombiacompra.gov.co\/\" target=\"_blank\" rel=\"noopener\">\n\n\t\t\t\t\t\t\t\t\t\t\t\t<span class=\"elementor-icon-list-icon\">\n\t\t\t\t\t\t\t<i aria-hidden=\"true\" class=\"fas fa-check\"><\/i>\t\t\t\t\t\t<\/span>\n\t\t\t\t\t\t\t\t\t\t<span class=\"elementor-icon-list-text\">CONTRATACI\u00d3N (SECOP)<\/span>\n\t\t\t\t\t\t\t\t\t\t\t<\/a>\n\t\t\t\t\t\t\t\t\t<\/li>\n\t\t\t\t\t\t<\/ul>\n\t\t\t\t\t\t<\/div>\n\t\t\t\t<\/div>\n\t\t\t\t<\/div>\n\t\t<div class=\"elementor-element elementor-element-8b89b69 e-con-full e-flex wpr-particle-no wpr-jarallax-no wpr-parallax-no wpr-sticky-section-no wpr-equal-height-no e-con e-child\" data-id=\"8b89b69\" data-element_type=\"container\" data-e-type=\"container\">\n\t\t\t\t<div class=\"elementor-element elementor-element-59908998 elementor-widget elementor-widget-text-editor\" data-id=\"59908998\" data-element_type=\"widget\" data-e-type=\"widget\" data-widget_type=\"text-editor.default\">\n\t\t\t\t<div class=\"elementor-widget-container\">\n\t\t\t\t\t\t\t\t\t<p><\/p>\n<p class=\"wp-block-heading\"><small>El Consejo Acad\u00e9mico es la m\u00e1xima autoridad acad\u00e9mica de la instituci\u00f3n y estar\u00e1 integrado por:<\/small><\/p>\n<p><\/p>\n<p>El Rector, quien lo preside<strong>&nbsp;<\/strong><span style=\"font-weight: bolder;\">NILSA ANDREA SILVA CASTILLO<\/span><br>El Vicerrector Acad\u00e9mico, quien lo presidir\u00e1 en ausencia del Rector<strong>&nbsp;&nbsp;<\/strong><span style=\"font-weight: bolder;\">MIGUEL \u00c1NGEL CANCHALA DELGADO<\/span><br>El Director del Centro de Investigaciones<strong>&nbsp;ADRIANA DEL SOCORRO GUERRA ACOSTA.<\/strong><br>Un representante de los decanos de facultad (directores de unidad): <b>AUDREY VANESSA LONDO\u00d1O ARCINIEGAS&nbsp;<\/b>.<br>Un representante de los docentes&nbsp;<strong>DIANA MILENA CARDOZO<\/strong><br>Un representante de los estudiantes<strong>&nbsp;JUAN CAMILO JUAJIBIOY<\/strong><\/p>\n<p><\/p>\n<p>Son funciones del Consejo Acad\u00e9mico en concordancia con las pol\u00edticas trazadas por el Consejo Directivo:&nbsp;<\/p>\n<p><\/p>\n<ol class=\"wp-block-list\">\n<li style=\"list-style-type: none;\">\n<ol class=\"wp-block-list\"><\/ol>\n<\/li>\n<\/ol>\n<ol class=\"wp-block-list\">\n<li style=\"list-style-type: none;\">\n<ol class=\"wp-block-list\">\n<li>Decidir sobre el desarrollo acad\u00e9mico de la Instituci\u00f3n en lo relativo a docencia, investigaci\u00f3n, proyecci\u00f3n social, bienestar universitario; pol\u00edtica curricular institucional y sistema de selecci\u00f3n y evaluaci\u00f3n de docentes y estudiantes.<\/li>\n<\/ol>\n<\/li>\n<\/ol>\n<p><\/p>\n<ol class=\"wp-block-list\">\n<li style=\"list-style-type: none;\">\n<ol class=\"wp-block-list\">\n<li>Dise\u00f1ar las pol\u00edticas acad\u00e9micas en lo referente al personal docente y estudiantil Considerar el presupuesto preparado por las facultades y recomendarlo al Consejo Directivo;<\/li>\n<\/ol>\n<\/li>\n<\/ol>\n<p><\/p>\n<ol class=\"wp-block-list\">\n<li style=\"list-style-type: none;\">\n<ol class=\"wp-block-list\">\n<li>Rendir informes peri\u00f3dicos al Consejo Directivo;<\/li>\n<\/ol>\n<\/li>\n<\/ol>\n<p><\/p>\n<ol class=\"wp-block-list\">\n<li style=\"list-style-type: none;\">\n<ol class=\"wp-block-list\">\n<li>Proponer al Consejo Directivo la creaci\u00f3n, modificaci\u00f3n, suspensi\u00f3n o cancelaci\u00f3n de programas acad\u00e9micos,<\/li>\n<\/ol>\n<\/li>\n<\/ol>\n<p><\/p>\n<ol class=\"wp-block-list\">\n<li style=\"list-style-type: none;\">\n<ol class=\"wp-block-list\">\n<li>Modificar los Planes de Estudio de los diferentes Programas Acad\u00e9micos.<\/li>\n<\/ol>\n<\/li>\n<\/ol>\n<p><\/p>\n<ol class=\"wp-block-list\">\n<li style=\"list-style-type: none;\">\n<ol class=\"wp-block-list\">\n<li>Designar al Representante de las Directivas Acad\u00e9micas al Consejo Directivo.<\/li>\n<\/ol>\n<\/li>\n<\/ol>\n<p><\/p>\n<ol class=\"wp-block-list\">\n<li style=\"list-style-type: none;\">\n<ol class=\"wp-block-list\">\n<li>Proponer al Consejo Directivo las pol\u00edticas de est\u00edmulos para el personal docente, administrativo y estudiantil, como tambi\u00e9n recomendar el otorgamiento de t\u00edtulos honor\u00edficos, distinciones acad\u00e9micas y la concesi\u00f3n de t\u00edtulos, grados y condecoraciones;<\/li>\n<\/ol>\n<\/li>\n<\/ol>\n<p><\/p>\n<ol class=\"wp-block-list\">\n<li style=\"list-style-type: none;\">\n<ol class=\"wp-block-list\">\n<li>Recomendar al Consejo Directivo la pol\u00edtica de Admisiones, los requisitos sobre sistema de matr\u00edcula, calificaciones y ex\u00e1menes.<\/li>\n<\/ol>\n<\/li>\n<\/ol>\n<p><\/p>\n<ol class=\"wp-block-list\">\n<li style=\"list-style-type: none;\">\n<ol class=\"wp-block-list\">\n<li>Proponer los requisitos para la expedici\u00f3n de los certificados de estudio, t\u00edtulos y actas de grado Evaluar y proponer los ajustes del Proyecto Educativo Institucional (P. E. I.) y presentarlo al Consejo Directivo para su aprobaci\u00f3n.<\/li>\n<\/ol>\n<\/li>\n<\/ol>\n<p><\/p>\n<ol class=\"wp-block-list\">\n<li style=\"list-style-type: none;\">\n<ol class=\"wp-block-list\">\n<li>Actuar como segunda instancia de las decisiones de los Consejos de Facultad, siempre que se proceda dicho recurso;<\/li>\n<\/ol>\n<\/li>\n<\/ol>\n<p><\/p>\n<ol class=\"wp-block-list\">\n<li style=\"list-style-type: none;\">\n<ol class=\"wp-block-list\">\n<li>Proponer al Consejo Directivo la reglamentaci\u00f3n de la propiedad intelectual, seg\u00fan las normas legales que rijan la materia,<\/li>\n<\/ol>\n<\/li>\n<\/ol>\n<p><\/p>\n<ol class=\"wp-block-list\">\n<li style=\"list-style-type: none;\">\n<ol class=\"wp-block-list\">\n<li>Asesorar al Consejo Directivo y a la Rector\u00eda en asuntos de contenido acad\u00e9mico y resolver las consultas que sobre la misma materia le formulen.<\/li>\n<\/ol>\n<\/li>\n<\/ol>\n<p><\/p>\n<ol class=\"wp-block-list\">\n<li style=\"list-style-type: none;\">\n<ol class=\"wp-block-list\">\n<li>Definir el calendario de actividades acad\u00e9micas, de la Instituci\u00f3n, con base en la propuesta presentada por los decanos de facultad.<\/li>\n<\/ol>\n<\/li>\n<\/ol>\n<p><\/p>\n<ol class=\"wp-block-list\">\n<li style=\"list-style-type: none;\">\n<ol class=\"wp-block-list\">\n<li>Conceptuar ante el Consejo Directivo sobre el otorgamiento de comisiones de estudio del personal docente que lo solicite, de acuerdo con las normas legales, los Estatutos y los programas de capacitaci\u00f3n Institucional;<\/li>\n<\/ol>\n<\/li>\n<\/ol>\n<p><\/p>\n<ol class=\"wp-block-list\">\n<li style=\"list-style-type: none;\">\n<ol class=\"wp-block-list\">\n<li>Elaborar su propio reglamento y presentarlo al Consejo Directivo para su aprobaci\u00f3n mediante acuerdo; Las dem\u00e1s funciones que le se\u00f1alen las normas legales, estatutarias y reglamentarias.<\/li>\n<\/ol>\n<\/li>\n<\/ol>\n<p><\/p>\n<p><\/p>\n<p><\/p>\t\t\t\t\t\t\t\t<\/div>\n\t\t\t\t<\/div>\n\t\t\t\t<\/div>\n\t\t\t\t\t<\/div>\n\t\t\t\t<\/div>\n\t\t\t\t<\/div>\n\t\t","protected":false},"excerpt":{"rendered":"<p>Identidad Institucional Mapa de procesos Manual de funciones Historia Directorio Docente Directorio Administrativos \u00d3rganos de Direcci\u00f3n (Consejo Directivo) \u00d3rganos de Direcci\u00f3n (Consejo Acad\u00e9mico) \u00d3rganos de Direcci\u00f3n (Consejo de Facultad) Comit\u00e9 de Auto Evauaci\u00f3n EXTENSI\u00d3N POL\u00cdTICA DE EXTENSI\u00d3N Y PROYECCI\u00d3N SOCIAL CALIDAD CONTRATACI\u00d3N (SECOP) El Consejo Acad\u00e9mico es la m\u00e1xima autoridad acad\u00e9mica de la instituci\u00f3n y estar\u00e1 integrado por: El Rector, quien lo preside&nbsp;NILSA ANDREA SILVA CASTILLOEl Vicerrector Acad\u00e9mico, quien lo presidir\u00e1 en ausencia del Rector&nbsp;&nbsp;MIGUEL \u00c1NGEL CANCHALA DELGADOEl Director del Centro de Investigaciones&nbsp;ADRIANA DEL SOCORRO GUERRA ACOSTA.Un representante de los decanos de facultad (directores de unidad): AUDREY VANESSA LONDO\u00d1O ARCINIEGAS&nbsp;.Un representante de los docentes&nbsp;DIANA MILENA CARDOZOUn representante de los estudiantes&nbsp;JUAN CAMILO JUAJIBIOY Son funciones del Consejo Acad\u00e9mico en concordancia con las pol\u00edticas trazadas por el Consejo Directivo:&nbsp;<\/p>\n","protected":false},"author":1,"featured_media":0,"comment_status":"open","ping_status":"open","sticky":false,"template":"","format":"standard","meta":{"_uag_custom_page_level_css":"","neve_meta_sidebar":"","neve_meta_container":"","neve_meta_enable_content_width":"","neve_meta_content_width":0,"neve_meta_title_alignment":"","neve_meta_author_avatar":"","neve_post_elements_order":"","neve_meta_disable_header":"","neve_meta_disable_footer":"","neve_meta_disable_title":"","_jetpack_memberships_contains_paid_content":false,"footnotes":""},"categories":[30,18],"tags":[],"class_list":["post-2589","post","type-post","status-publish","format-standard","hentry","category-organos-de-direccion","category-la-universidad"],"yoast_head":"<!-- This site is optimized with the Yoast SEO plugin v27.5 - https:\/\/yoast.com\/product\/yoast-seo-wordpress\/ -->\n<title>Consejo Acad\u00e9mico - UNIPUTUMAYO<\/title>\n<meta name=\"robots\" content=\"index, follow, max-snippet:-1, max-image-preview:large, max-video-preview:-1\" \/>\n<link rel=\"canonical\" href=\"https:\/\/itp.edu.co\/ITP2022\/?p=2589\" \/>\n<meta property=\"og:locale\" content=\"es_ES\" \/>\n<meta property=\"og:type\" content=\"article\" \/>\n<meta property=\"og:title\" content=\"Consejo Acad\u00e9mico - UNIPUTUMAYO\" \/>\n<meta property=\"og:description\" content=\"Identidad Institucional Mapa de procesos Manual de funciones Historia Directorio Docente Directorio Administrativos \u00d3rganos de Direcci\u00f3n (Consejo Directivo) \u00d3rganos de Direcci\u00f3n (Consejo Acad\u00e9mico) \u00d3rganos de Direcci\u00f3n (Consejo de Facultad) Comit\u00e9 de Auto Evauaci\u00f3n EXTENSI\u00d3N POL\u00cdTICA DE EXTENSI\u00d3N Y PROYECCI\u00d3N SOCIAL CALIDAD CONTRATACI\u00d3N (SECOP) El Consejo Acad\u00e9mico es la m\u00e1xima autoridad acad\u00e9mica de la instituci\u00f3n y estar\u00e1 integrado por: El Rector, quien lo preside&nbsp;NILSA ANDREA SILVA CASTILLOEl Vicerrector Acad\u00e9mico, quien lo presidir\u00e1 en ausencia del Rector&nbsp;&nbsp;MIGUEL \u00c1NGEL CANCHALA DELGADOEl Director del Centro de Investigaciones&nbsp;ADRIANA DEL SOCORRO GUERRA ACOSTA.Un representante de los decanos de facultad (directores de unidad): AUDREY VANESSA LONDO\u00d1O ARCINIEGAS&nbsp;.Un representante de los docentes&nbsp;DIANA MILENA CARDOZOUn representante de los estudiantes&nbsp;JUAN CAMILO JUAJIBIOY Son funciones del Consejo Acad\u00e9mico en concordancia con las pol\u00edticas trazadas por el Consejo Directivo:&nbsp;\" \/>\n<meta property=\"og:url\" content=\"https:\/\/itp.edu.co\/ITP2022\/?p=2589\" \/>\n<meta property=\"og:site_name\" content=\"UNIPUTUMAYO\" \/>\n<meta property=\"article:publisher\" content=\"https:\/\/www.facebook.com\/OficialITP\/?locale=es_LA\" \/>\n<meta property=\"article:published_time\" content=\"2023-01-21T02:26:24+00:00\" \/>\n<meta property=\"article:modified_time\" content=\"2026-04-16T19:52:23+00:00\" \/>\n<meta property=\"og:image\" content=\"https:\/\/itp.edu.co\/ITP2022\/wp-content\/uploads\/2025\/11\/Logo-azul-PNG-01-1024x330.webp\" \/>\n<meta name=\"author\" content=\"administrador\" \/>\n<meta name=\"twitter:card\" content=\"summary_large_image\" \/>\n<meta name=\"twitter:creator\" content=\"@ITPOficial\" \/>\n<meta name=\"twitter:site\" content=\"@ITPOficial\" \/>\n<meta name=\"twitter:label1\" content=\"Escrito por\" \/>\n\t<meta name=\"twitter:data1\" content=\"administrador\" \/>\n\t<meta name=\"twitter:label2\" content=\"Tiempo de lectura\" \/>\n\t<meta name=\"twitter:data2\" content=\"3 minutos\" \/>\n<script type=\"application\/ld+json\" class=\"yoast-schema-graph\">{\"@context\":\"https:\\\/\\\/schema.org\",\"@graph\":[{\"@type\":\"Article\",\"@id\":\"https:\\\/\\\/itp.edu.co\\\/ITP2022\\\/?p=2589#article\",\"isPartOf\":{\"@id\":\"https:\\\/\\\/itp.edu.co\\\/ITP2022\\\/?p=2589\"},\"author\":{\"name\":\"administrador\",\"@id\":\"https:\\\/\\\/itp.edu.co\\\/ITP2022\\\/#\\\/schema\\\/person\\\/d4d847d0bc2fe0967bc61197b4ed4f7e\"},\"headline\":\"Consejo Acad\u00e9mico\",\"datePublished\":\"2023-01-21T02:26:24+00:00\",\"dateModified\":\"2026-04-16T19:52:23+00:00\",\"mainEntityOfPage\":{\"@id\":\"https:\\\/\\\/itp.edu.co\\\/ITP2022\\\/?p=2589\"},\"wordCount\":524,\"commentCount\":0,\"publisher\":{\"@id\":\"https:\\\/\\\/itp.edu.co\\\/ITP2022\\\/#organization\"},\"image\":{\"@id\":\"https:\\\/\\\/itp.edu.co\\\/ITP2022\\\/?p=2589#primaryimage\"},\"thumbnailUrl\":\"https:\\\/\\\/itp.edu.co\\\/ITP2022\\\/wp-content\\\/uploads\\\/2025\\\/11\\\/Logo-azul-PNG-01-1024x330.webp\",\"articleSection\":[\"Organos de Direcci\u00f3n\",\"La Universidad\"],\"inLanguage\":\"es-CO\",\"potentialAction\":[{\"@type\":\"CommentAction\",\"name\":\"Comment\",\"target\":[\"https:\\\/\\\/itp.edu.co\\\/ITP2022\\\/?p=2589#respond\"]}]},{\"@type\":\"WebPage\",\"@id\":\"https:\\\/\\\/itp.edu.co\\\/ITP2022\\\/?p=2589\",\"url\":\"https:\\\/\\\/itp.edu.co\\\/ITP2022\\\/?p=2589\",\"name\":\"Consejo Acad\u00e9mico - UNIPUTUMAYO\",\"isPartOf\":{\"@id\":\"https:\\\/\\\/itp.edu.co\\\/ITP2022\\\/#website\"},\"primaryImageOfPage\":{\"@id\":\"https:\\\/\\\/itp.edu.co\\\/ITP2022\\\/?p=2589#primaryimage\"},\"image\":{\"@id\":\"https:\\\/\\\/itp.edu.co\\\/ITP2022\\\/?p=2589#primaryimage\"},\"thumbnailUrl\":\"https:\\\/\\\/itp.edu.co\\\/ITP2022\\\/wp-content\\\/uploads\\\/2025\\\/11\\\/Logo-azul-PNG-01-1024x330.webp\",\"datePublished\":\"2023-01-21T02:26:24+00:00\",\"dateModified\":\"2026-04-16T19:52:23+00:00\",\"breadcrumb\":{\"@id\":\"https:\\\/\\\/itp.edu.co\\\/ITP2022\\\/?p=2589#breadcrumb\"},\"inLanguage\":\"es-CO\",\"potentialAction\":[{\"@type\":\"ReadAction\",\"target\":[\"https:\\\/\\\/itp.edu.co\\\/ITP2022\\\/?p=2589\"]}]},{\"@type\":\"ImageObject\",\"inLanguage\":\"es-CO\",\"@id\":\"https:\\\/\\\/itp.edu.co\\\/ITP2022\\\/?p=2589#primaryimage\",\"url\":\"https:\\\/\\\/itp.edu.co\\\/ITP2022\\\/wp-content\\\/uploads\\\/2025\\\/11\\\/Logo-azul-PNG-01-1024x330.webp\",\"contentUrl\":\"https:\\\/\\\/itp.edu.co\\\/ITP2022\\\/wp-content\\\/uploads\\\/2025\\\/11\\\/Logo-azul-PNG-01-1024x330.webp\"},{\"@type\":\"BreadcrumbList\",\"@id\":\"https:\\\/\\\/itp.edu.co\\\/ITP2022\\\/?p=2589#breadcrumb\",\"itemListElement\":[{\"@type\":\"ListItem\",\"position\":1,\"name\":\"Inicio\",\"item\":\"https:\\\/\\\/itp.edu.co\\\/ITP2022\\\/\"},{\"@type\":\"ListItem\",\"position\":2,\"name\":\"Consejo Acad\u00e9mico\"}]},{\"@type\":\"WebSite\",\"@id\":\"https:\\\/\\\/itp.edu.co\\\/ITP2022\\\/#website\",\"url\":\"https:\\\/\\\/itp.edu.co\\\/ITP2022\\\/\",\"name\":\"UNIPUTUMAYO\",\"description\":\"\",\"publisher\":{\"@id\":\"https:\\\/\\\/itp.edu.co\\\/ITP2022\\\/#organization\"},\"potentialAction\":[{\"@type\":\"SearchAction\",\"target\":{\"@type\":\"EntryPoint\",\"urlTemplate\":\"https:\\\/\\\/itp.edu.co\\\/ITP2022\\\/?s={search_term_string}\"},\"query-input\":{\"@type\":\"PropertyValueSpecification\",\"valueRequired\":true,\"valueName\":\"search_term_string\"}}],\"inLanguage\":\"es-CO\"},{\"@type\":\"Organization\",\"@id\":\"https:\\\/\\\/itp.edu.co\\\/ITP2022\\\/#organization\",\"name\":\"UNIPUTUMAYO\",\"url\":\"https:\\\/\\\/itp.edu.co\\\/ITP2022\\\/\",\"logo\":{\"@type\":\"ImageObject\",\"inLanguage\":\"es-CO\",\"@id\":\"https:\\\/\\\/itp.edu.co\\\/ITP2022\\\/#\\\/schema\\\/logo\\\/image\\\/\",\"url\":\"https:\\\/\\\/i0.wp.com\\\/itp.edu.co\\\/ITP2022\\\/wp-content\\\/uploads\\\/2025\\\/11\\\/Logo-azul-PNG-01-scaled.webp?fit=1920%2C620&ssl=1\",\"contentUrl\":\"https:\\\/\\\/i0.wp.com\\\/itp.edu.co\\\/ITP2022\\\/wp-content\\\/uploads\\\/2025\\\/11\\\/Logo-azul-PNG-01-scaled.webp?fit=1920%2C620&ssl=1\",\"width\":1920,\"height\":620,\"caption\":\"UNIPUTUMAYO\"},\"image\":{\"@id\":\"https:\\\/\\\/itp.edu.co\\\/ITP2022\\\/#\\\/schema\\\/logo\\\/image\\\/\"},\"sameAs\":[\"https:\\\/\\\/www.facebook.com\\\/OficialITP\\\/?locale=es_LA\",\"https:\\\/\\\/x.com\\\/ITPOficial\"]},{\"@type\":\"Person\",\"@id\":\"https:\\\/\\\/itp.edu.co\\\/ITP2022\\\/#\\\/schema\\\/person\\\/d4d847d0bc2fe0967bc61197b4ed4f7e\",\"name\":\"administrador\",\"sameAs\":[\"https:\\\/\\\/itp.edu.co\\\/ITP2022\"],\"url\":\"https:\\\/\\\/itp.edu.co\\\/ITP2022\\\/author\\\/administrador\"}]}<\/script>\n<!-- \/ Yoast SEO plugin. -->","yoast_head_json":{"title":"Consejo Acad\u00e9mico - UNIPUTUMAYO","robots":{"index":"index","follow":"follow","max-snippet":"max-snippet:-1","max-image-preview":"max-image-preview:large","max-video-preview":"max-video-preview:-1"},"canonical":"https:\/\/itp.edu.co\/ITP2022\/?p=2589","og_locale":"es_ES","og_type":"article","og_title":"Consejo Acad\u00e9mico - UNIPUTUMAYO","og_description":"Identidad Institucional Mapa de procesos Manual de funciones Historia Directorio Docente Directorio Administrativos \u00d3rganos de Direcci\u00f3n (Consejo Directivo) \u00d3rganos de Direcci\u00f3n (Consejo Acad\u00e9mico) \u00d3rganos de Direcci\u00f3n (Consejo de Facultad) Comit\u00e9 de Auto Evauaci\u00f3n EXTENSI\u00d3N POL\u00cdTICA DE EXTENSI\u00d3N Y PROYECCI\u00d3N SOCIAL CALIDAD CONTRATACI\u00d3N (SECOP) El Consejo Acad\u00e9mico es la m\u00e1xima autoridad acad\u00e9mica de la instituci\u00f3n y estar\u00e1 integrado por: El Rector, quien lo preside&nbsp;NILSA ANDREA SILVA CASTILLOEl Vicerrector Acad\u00e9mico, quien lo presidir\u00e1 en ausencia del Rector&nbsp;&nbsp;MIGUEL \u00c1NGEL CANCHALA DELGADOEl Director del Centro de Investigaciones&nbsp;ADRIANA DEL SOCORRO GUERRA ACOSTA.Un representante de los decanos de facultad (directores de unidad): AUDREY VANESSA LONDO\u00d1O ARCINIEGAS&nbsp;.Un representante de los docentes&nbsp;DIANA MILENA CARDOZOUn representante de los estudiantes&nbsp;JUAN CAMILO JUAJIBIOY Son funciones del Consejo Acad\u00e9mico en concordancia con las pol\u00edticas trazadas por el Consejo Directivo:&nbsp;","og_url":"https:\/\/itp.edu.co\/ITP2022\/?p=2589","og_site_name":"UNIPUTUMAYO","article_publisher":"https:\/\/www.facebook.com\/OficialITP\/?locale=es_LA","article_published_time":"2023-01-21T02:26:24+00:00","article_modified_time":"2026-04-16T19:52:23+00:00","og_image":[{"url":"https:\/\/itp.edu.co\/ITP2022\/wp-content\/uploads\/2025\/11\/Logo-azul-PNG-01-1024x330.webp","type":"","width":"","height":""}],"author":"administrador","twitter_card":"summary_large_image","twitter_creator":"@ITPOficial","twitter_site":"@ITPOficial","twitter_misc":{"Escrito por":"administrador","Tiempo de lectura":"3 minutos"},"schema":{"@context":"https:\/\/schema.org","@graph":[{"@type":"Article","@id":"https:\/\/itp.edu.co\/ITP2022\/?p=2589#article","isPartOf":{"@id":"https:\/\/itp.edu.co\/ITP2022\/?p=2589"},"author":{"name":"administrador","@id":"https:\/\/itp.edu.co\/ITP2022\/#\/schema\/person\/d4d847d0bc2fe0967bc61197b4ed4f7e"},"headline":"Consejo Acad\u00e9mico","datePublished":"2023-01-21T02:26:24+00:00","dateModified":"2026-04-16T19:52:23+00:00","mainEntityOfPage":{"@id":"https:\/\/itp.edu.co\/ITP2022\/?p=2589"},"wordCount":524,"commentCount":0,"publisher":{"@id":"https:\/\/itp.edu.co\/ITP2022\/#organization"},"image":{"@id":"https:\/\/itp.edu.co\/ITP2022\/?p=2589#primaryimage"},"thumbnailUrl":"https:\/\/itp.edu.co\/ITP2022\/wp-content\/uploads\/2025\/11\/Logo-azul-PNG-01-1024x330.webp","articleSection":["Organos de Direcci\u00f3n","La Universidad"],"inLanguage":"es-CO","potentialAction":[{"@type":"CommentAction","name":"Comment","target":["https:\/\/itp.edu.co\/ITP2022\/?p=2589#respond"]}]},{"@type":"WebPage","@id":"https:\/\/itp.edu.co\/ITP2022\/?p=2589","url":"https:\/\/itp.edu.co\/ITP2022\/?p=2589","name":"Consejo Acad\u00e9mico - UNIPUTUMAYO","isPartOf":{"@id":"https:\/\/itp.edu.co\/ITP2022\/#website"},"primaryImageOfPage":{"@id":"https:\/\/itp.edu.co\/ITP2022\/?p=2589#primaryimage"},"image":{"@id":"https:\/\/itp.edu.co\/ITP2022\/?p=2589#primaryimage"},"thumbnailUrl":"https:\/\/itp.edu.co\/ITP2022\/wp-content\/uploads\/2025\/11\/Logo-azul-PNG-01-1024x330.webp","datePublished":"2023-01-21T02:26:24+00:00","dateModified":"2026-04-16T19:52:23+00:00","breadcrumb":{"@id":"https:\/\/itp.edu.co\/ITP2022\/?p=2589#breadcrumb"},"inLanguage":"es-CO","potentialAction":[{"@type":"ReadAction","target":["https:\/\/itp.edu.co\/ITP2022\/?p=2589"]}]},{"@type":"ImageObject","inLanguage":"es-CO","@id":"https:\/\/itp.edu.co\/ITP2022\/?p=2589#primaryimage","url":"https:\/\/itp.edu.co\/ITP2022\/wp-content\/uploads\/2025\/11\/Logo-azul-PNG-01-1024x330.webp","contentUrl":"https:\/\/itp.edu.co\/ITP2022\/wp-content\/uploads\/2025\/11\/Logo-azul-PNG-01-1024x330.webp"},{"@type":"BreadcrumbList","@id":"https:\/\/itp.edu.co\/ITP2022\/?p=2589#breadcrumb","itemListElement":[{"@type":"ListItem","position":1,"name":"Inicio","item":"https:\/\/itp.edu.co\/ITP2022\/"},{"@type":"ListItem","position":2,"name":"Consejo Acad\u00e9mico"}]},{"@type":"WebSite","@id":"https:\/\/itp.edu.co\/ITP2022\/#website","url":"https:\/\/itp.edu.co\/ITP2022\/","name":"UNIPUTUMAYO","description":"","publisher":{"@id":"https:\/\/itp.edu.co\/ITP2022\/#organization"},"potentialAction":[{"@type":"SearchAction","target":{"@type":"EntryPoint","urlTemplate":"https:\/\/itp.edu.co\/ITP2022\/?s={search_term_string}"},"query-input":{"@type":"PropertyValueSpecification","valueRequired":true,"valueName":"search_term_string"}}],"inLanguage":"es-CO"},{"@type":"Organization","@id":"https:\/\/itp.edu.co\/ITP2022\/#organization","name":"UNIPUTUMAYO","url":"https:\/\/itp.edu.co\/ITP2022\/","logo":{"@type":"ImageObject","inLanguage":"es-CO","@id":"https:\/\/itp.edu.co\/ITP2022\/#\/schema\/logo\/image\/","url":"https:\/\/i0.wp.com\/itp.edu.co\/ITP2022\/wp-content\/uploads\/2025\/11\/Logo-azul-PNG-01-scaled.webp?fit=1920%2C620&ssl=1","contentUrl":"https:\/\/i0.wp.com\/itp.edu.co\/ITP2022\/wp-content\/uploads\/2025\/11\/Logo-azul-PNG-01-scaled.webp?fit=1920%2C620&ssl=1","width":1920,"height":620,"caption":"UNIPUTUMAYO"},"image":{"@id":"https:\/\/itp.edu.co\/ITP2022\/#\/schema\/logo\/image\/"},"sameAs":["https:\/\/www.facebook.com\/OficialITP\/?locale=es_LA","https:\/\/x.com\/ITPOficial"]},{"@type":"Person","@id":"https:\/\/itp.edu.co\/ITP2022\/#\/schema\/person\/d4d847d0bc2fe0967bc61197b4ed4f7e","name":"administrador","sameAs":["https:\/\/itp.edu.co\/ITP2022"],"url":"https:\/\/itp.edu.co\/ITP2022\/author\/administrador"}]}},"jetpack_featured_media_url":"","uagb_featured_image_src":{"full":false,"thumbnail":false,"medium":false,"medium_large":false,"large":false,"1536x1536":false,"2048x2048":false,"smart-post-landscape":false,"smart-post-portrait":false,"neve-blog":false,"psacp-medium":false},"uagb_author_info":{"display_name":"administrador","author_link":"https:\/\/itp.edu.co\/ITP2022\/author\/administrador"},"uagb_comment_info":0,"uagb_excerpt":"Identidad Institucional Mapa de procesos Manual de funciones Historia Directorio Docente Directorio Administrativos \u00d3rganos de Direcci\u00f3n (Consejo Directivo) \u00d3rganos de Direcci\u00f3n (Consejo Acad\u00e9mico) \u00d3rganos de Direcci\u00f3n (Consejo de Facultad) Comit\u00e9 de Auto Evauaci\u00f3n EXTENSI\u00d3N POL\u00cdTICA DE EXTENSI\u00d3N Y PROYECCI\u00d3N SOCIAL CALIDAD CONTRATACI\u00d3N (SECOP) El Consejo Acad\u00e9mico es la m\u00e1xima autoridad acad\u00e9mica de la instituci\u00f3n y&hellip;","jetpack-related-posts":[],"jetpack_sharing_enabled":true,"rttpg_featured_image_url":null,"rttpg_author":{"display_name":"administrador","author_link":"https:\/\/itp.edu.co\/ITP2022\/author\/administrador"},"rttpg_comment":0,"rttpg_category":"<a href=\"https:\/\/itp.edu.co\/ITP2022\/?cat=30\" rel=\"category\">Organos de Direcci\u00f3n<\/a> <a href=\"https:\/\/itp.edu.co\/ITP2022\/?cat=18\" rel=\"category\">La Universidad<\/a>","rttpg_excerpt":"Identidad Institucional Mapa de procesos Manual de funciones Historia Directorio Docente Directorio Administrativos \u00d3rganos de Direcci\u00f3n (Consejo Directivo) \u00d3rganos de Direcci\u00f3n (Consejo Acad\u00e9mico) \u00d3rganos de Direcci\u00f3n (Consejo de Facultad) Comit\u00e9 de Auto Evauaci\u00f3n EXTENSI\u00d3N POL\u00cdTICA DE EXTENSI\u00d3N Y PROYECCI\u00d3N SOCIAL CALIDAD CONTRATACI\u00d3N (SECOP) El Consejo Acad\u00e9mico es la m\u00e1xima autoridad acad\u00e9mica de la instituci\u00f3n y&hellip;","_links":{"self":[{"href":"https:\/\/itp.edu.co\/ITP2022\/index.php?rest_route=\/wp\/v2\/posts\/2589","targetHints":{"allow":["GET"]}}],"collection":[{"href":"https:\/\/itp.edu.co\/ITP2022\/index.php?rest_route=\/wp\/v2\/posts"}],"about":[{"href":"https:\/\/itp.edu.co\/ITP2022\/index.php?rest_route=\/wp\/v2\/types\/post"}],"author":[{"embeddable":true,"href":"https:\/\/itp.edu.co\/ITP2022\/index.php?rest_route=\/wp\/v2\/users\/1"}],"replies":[{"embeddable":true,"href":"https:\/\/itp.edu.co\/ITP2022\/index.php?rest_route=%2Fwp%2Fv2%2Fcomments&post=2589"}],"version-history":[{"count":17,"href":"https:\/\/itp.edu.co\/ITP2022\/index.php?rest_route=\/wp\/v2\/posts\/2589\/revisions"}],"predecessor-version":[{"id":16369,"href":"https:\/\/itp.edu.co\/ITP2022\/index.php?rest_route=\/wp\/v2\/posts\/2589\/revisions\/16369"}],"wp:attachment":[{"href":"https:\/\/itp.edu.co\/ITP2022\/index.php?rest_route=%2Fwp%2Fv2%2Fmedia&parent=2589"}],"wp:term":[{"taxonomy":"category","embeddable":true,"href":"https:\/\/itp.edu.co\/ITP2022\/index.php?rest_route=%2Fwp%2Fv2%2Fcategories&post=2589"},{"taxonomy":"post_tag","embeddable":true,"href":"https:\/\/itp.edu.co\/ITP2022\/index.php?rest_route=%2Fwp%2Fv2%2Ftags&post=2589"}],"curies":[{"name":"wp","href":"https:\/\/api.w.org\/{rel}","templated":true}]}}